{"id":796,"date":"2024-06-10T10:33:12","date_gmt":"2024-06-10T10:33:12","guid":{"rendered":"https:\/\/archivesdusenegal.gouv.sn\/?p=796"},"modified":"2024-06-10T11:21:39","modified_gmt":"2024-06-10T11:21:39","slug":"informations-sur-les-expositions-temporaires-les-evenements-speciaux-les-conferences-et-les-ateliers","status":"publish","type":"post","link":"https:\/\/archivesdusenegal.gouv.sn\/?p=796","title":{"rendered":"Informations sur les expositions temporaires, les \u00e9v\u00e9nements sp\u00e9ciaux, les conf\u00e9rences, et les ateliers."},"content":{"rendered":"\n<p>Les Archives Nationales vous invitent \u00e0 d\u00e9couvrir une s\u00e9rie d&rsquo;expositions temporaires captivantes, mettant en lumi\u00e8re des documents historiques in\u00e9dits et des tr\u00e9sors archivistiques rares. En compl\u00e9ment de ces expositions, nous organisons r\u00e9guli\u00e8rement des \u00e9v\u00e9nements sp\u00e9ciaux, tels que des conf\u00e9rences anim\u00e9es par des experts renomm\u00e9s, des ateliers interactifs pour tous les \u00e2ges, et des visites guid\u00e9es th\u00e9matiques. Ces initiatives visent \u00e0 rendre notre patrimoine accessible et vivant, en offrant des perspectives nouvelles sur l&rsquo;histoire et la culture. Restez inform\u00e9s de nos prochaines manifestations et plongez au c\u0153ur de nos archives pour une exp\u00e9rience enrichissante et inspirante.<\/p>\n","protected":false},"excerpt":{"rendered":"<p>Les Archives Nationales vous invitent \u00e0 d\u00e9couvrir une s\u00e9rie d&rsquo;expositions temporaires captivantes, mettant en lumi\u00e8re des documents historiques in\u00e9dits et des tr\u00e9sors archivistiques rares. En compl\u00e9ment de ces expositions, nous organisons r\u00e9guli\u00e8rement des \u00e9v\u00e9nements sp\u00e9ciaux, tels que des conf\u00e9rences anim\u00e9es par des experts renomm\u00e9s, des ateliers interactifs pour tous les \u00e2ges, et des visites guid\u00e9es [&hellip;]<\/p>\n","protected":false},"author":3,"featured_media":821,"comment_status":"open","ping_status":"open","sticky":false,"template":"","format":"standard","meta":{"_et_pb_use_builder":"off","_et_pb_old_content":"","_et_gb_content_width":"1080","footnotes":""},"categories":[7],"tags":[],"class_list":["post-796","post","type-post","status-publish","format-standard","has-post-thumbnail","hentry","category-evenements"],"_links":{"self":[{"href":"https:\/\/archivesdusenegal.gouv.sn\/index.php?rest_route=\/wp\/v2\/posts\/796","targetHints":{"allow":["GET"]}}],"collection":[{"href":"https:\/\/archivesdusenegal.gouv.sn\/index.php?rest_route=\/wp\/v2\/posts"}],"about":[{"href":"https:\/\/archivesdusenegal.gouv.sn\/index.php?rest_route=\/wp\/v2\/types\/post"}],"author":[{"embeddable":true,"href":"https:\/\/archivesdusenegal.gouv.sn\/index.php?rest_route=\/wp\/v2\/users\/3"}],"replies":[{"embeddable":true,"href":"https:\/\/archivesdusenegal.gouv.sn\/index.php?rest_route=%2Fwp%2Fv2%2Fcomments&post=796"}],"version-history":[{"count":1,"href":"https:\/\/archivesdusenegal.gouv.sn\/index.php?rest_route=\/wp\/v2\/posts\/796\/revisions"}],"predecessor-version":[{"id":805,"href":"https:\/\/archivesdusenegal.gouv.sn\/index.php?rest_route=\/wp\/v2\/posts\/796\/revisions\/805"}],"wp:featuredmedia":[{"embeddable":true,"href":"https:\/\/archivesdusenegal.gouv.sn\/index.php?rest_route=\/wp\/v2\/media\/821"}],"wp:attachment":[{"href":"https:\/\/archivesdusenegal.gouv.sn\/index.php?rest_route=%2Fwp%2Fv2%2Fmedia&parent=796"}],"wp:term":[{"taxonomy":"category","embeddable":true,"href":"https:\/\/archivesdusenegal.gouv.sn\/index.php?rest_route=%2Fwp%2Fv2%2Fcategories&post=796"},{"taxonomy":"post_tag","embeddable":true,"href":"https:\/\/archivesdusenegal.gouv.sn\/index.php?rest_route=%2Fwp%2Fv2%2Ftags&post=796"}],"curies":[{"name":"wp","href":"https:\/\/api.w.org\/{rel}","templated":true}]}}