{"id":824,"date":"2024-06-10T11:32:58","date_gmt":"2024-06-10T11:32:58","guid":{"rendered":"https:\/\/archivesdusenegal.gouv.sn\/?p=824"},"modified":"2024-06-10T11:34:07","modified_gmt":"2024-06-10T11:34:07","slug":"informations-sur-les-programmes-educatifs-les-formations-et-les-ressources-pedagogiques-disponibles","status":"publish","type":"post","link":"https:\/\/archivesdusenegal.gouv.sn\/?p=824","title":{"rendered":"Informations sur les programmes \u00e9ducatifs, les formations, et les ressources p\u00e9dagogiques disponibles."},"content":{"rendered":"\n<p>Les Archives Nationales offrent une gamme vari\u00e9e de programmes \u00e9ducatifs, de formations, et de ressources p\u00e9dagogiques con\u00e7us pour r\u00e9pondre aux besoins des \u00e9tudiants, des enseignants, et des chercheurs. Nos programmes \u00e9ducatifs incluent des visites guid\u00e9es adapt\u00e9es aux diff\u00e9rents niveaux scolaires, des ateliers pratiques, et des activit\u00e9s interactives visant \u00e0 sensibiliser les jeunes g\u00e9n\u00e9rations \u00e0 l\u2019importance des archives et \u00e0 l\u2019histoire. Nous proposons \u00e9galement des formations sp\u00e9cialis\u00e9es pour les professionnels de l\u2019archivistique et les historiens, couvrant des th\u00e9matiques telles que la conservation des documents.<\/p>\n","protected":false},"excerpt":{"rendered":"<p>Les Archives Nationales offrent une gamme vari\u00e9e de programmes \u00e9ducatifs, de formations, et de ressources p\u00e9dagogiques con\u00e7us pour r\u00e9pondre aux besoins des \u00e9tudiants, des enseignants, et des chercheurs. Nos programmes \u00e9ducatifs incluent des visites guid\u00e9es adapt\u00e9es aux diff\u00e9rents niveaux scolaires, des ateliers pratiques, et des activit\u00e9s interactives visant \u00e0 sensibiliser les jeunes g\u00e9n\u00e9rations \u00e0 l\u2019importance [&hellip;]<\/p>\n","protected":false},"author":3,"featured_media":825,"comment_status":"open","ping_status":"open","sticky":false,"template":"","format":"standard","meta":{"_et_pb_use_builder":"off","_et_pb_old_content":"","_et_gb_content_width":"","footnotes":""},"categories":[8],"tags":[],"class_list":["post-824","post","type-post","status-publish","format-standard","has-post-thumbnail","hentry","category-education-et-formation"],"_links":{"self":[{"href":"https:\/\/archivesdusenegal.gouv.sn\/index.php?rest_route=\/wp\/v2\/posts\/824","targetHints":{"allow":["GET"]}}],"collection":[{"href":"https:\/\/archivesdusenegal.gouv.sn\/index.php?rest_route=\/wp\/v2\/posts"}],"about":[{"href":"https:\/\/archivesdusenegal.gouv.sn\/index.php?rest_route=\/wp\/v2\/types\/post"}],"author":[{"embeddable":true,"href":"https:\/\/archivesdusenegal.gouv.sn\/index.php?rest_route=\/wp\/v2\/users\/3"}],"replies":[{"embeddable":true,"href":"https:\/\/archivesdusenegal.gouv.sn\/index.php?rest_route=%2Fwp%2Fv2%2Fcomments&post=824"}],"version-history":[{"count":2,"href":"https:\/\/archivesdusenegal.gouv.sn\/index.php?rest_route=\/wp\/v2\/posts\/824\/revisions"}],"predecessor-version":[{"id":828,"href":"https:\/\/archivesdusenegal.gouv.sn\/index.php?rest_route=\/wp\/v2\/posts\/824\/revisions\/828"}],"wp:featuredmedia":[{"embeddable":true,"href":"https:\/\/archivesdusenegal.gouv.sn\/index.php?rest_route=\/wp\/v2\/media\/825"}],"wp:attachment":[{"href":"https:\/\/archivesdusenegal.gouv.sn\/index.php?rest_route=%2Fwp%2Fv2%2Fmedia&parent=824"}],"wp:term":[{"taxonomy":"category","embeddable":true,"href":"https:\/\/archivesdusenegal.gouv.sn\/index.php?rest_route=%2Fwp%2Fv2%2Fcategories&post=824"},{"taxonomy":"post_tag","embeddable":true,"href":"https:\/\/archivesdusenegal.gouv.sn\/index.php?rest_route=%2Fwp%2Fv2%2Ftags&post=824"}],"curies":[{"name":"wp","href":"https:\/\/api.w.org\/{rel}","templated":true}]}}